{"id":5703,"date":"2014-07-24T23:53:37","date_gmt":"2014-07-24T21:53:37","guid":{"rendered":"http:\/\/bhxblogg.no\/?p=5703"},"modified":"2023-01-30T20:13:54","modified_gmt":"2023-01-30T19:13:54","slug":"pyreneene-2014-dag-4-col-daubisque-og-tour-de-france-pa-hautacam","status":"publish","type":"post","link":"https:\/\/bhxblogg.no\/?p=5703","title":{"rendered":"Pyreneene 2014: Col d`Aubisque og Tour de France p\u00e5 Hautacam!"},"content":{"rendered":"<p>Vi bor i Lourdes n\u00e5, som ligger ved inngangspartiet til Pyreneene, og n\u00e6r til flere av de legendariske fjellpassene som har lang historie i Tour de France. Et av dem er Col d`Aubisque som er brukt sv\u00e6rt mange ganger i Tourens rute. Det er forst\u00e5elig.<\/p>\n<p>&nbsp;<\/p>\n<blockquote><p>Col d`Aubisque er enkelt og greit et fantastisk bra egnet fjellpass for sykkel, \u00a0og \u00e5 rulle i disse fjellsidene p\u00e5 en varm sommerdag er noe som sent glemmes. Dette er minner \u00e5 hente fram og dr\u00f8mme om n\u00e5r livet stormer i hverdagen.<\/p><\/blockquote>\n<figure id=\"attachment_5704\" aria-describedby=\"caption-attachment-5704\" style=\"width: 800px\" class=\"wp-caption alignnone\"><a href=\"http:\/\/bhxblogg.no\/wp-content\/uploads\/2014\/07\/SAM_4242-800x533.jpg\"><img loading=\"lazy\" decoding=\"async\" class=\" wp-image-5704\" src=\"http:\/\/bhxblogg.no\/wp-content\/uploads\/2014\/07\/SAM_4242-800x533.jpg\" alt=\"SAM_4242 (800x533)\" width=\"800\" height=\"533\" srcset=\"https:\/\/bhxblogg.no\/wp-content\/uploads\/2014\/07\/SAM_4242-800x533.jpg 800w, https:\/\/bhxblogg.no\/wp-content\/uploads\/2014\/07\/SAM_4242-800x533-300x199.jpg 300w, https:\/\/bhxblogg.no\/wp-content\/uploads\/2014\/07\/SAM_4242-800x533-700x466.jpg 700w, https:\/\/bhxblogg.no\/wp-content\/uploads\/2014\/07\/SAM_4242-800x533-332x221.jpg 332w\" sizes=\"auto, (max-width: 800px) 100vw, 800px\" \/><\/a><figcaption id=\"caption-attachment-5704\" class=\"wp-caption-text\">Veien fra Col du Solour og opp til Aubisque er et av de vakreste partiene \u00e5 sykle i Pyreneene. Spektakul\u00e6rt og ikke s\u00e6rlig bratt her oppe.<\/figcaption><\/figure>\n<figure id=\"attachment_5705\" aria-describedby=\"caption-attachment-5705\" style=\"width: 800px\" class=\"wp-caption alignnone\"><a href=\"http:\/\/bhxblogg.no\/wp-content\/uploads\/2014\/07\/SAM_4252-800x533.jpg\"><img loading=\"lazy\" decoding=\"async\" class=\" wp-image-5705\" src=\"http:\/\/bhxblogg.no\/wp-content\/uploads\/2014\/07\/SAM_4252-800x533.jpg\" alt=\"SAM_4252 (800x533)\" width=\"800\" height=\"533\" srcset=\"https:\/\/bhxblogg.no\/wp-content\/uploads\/2014\/07\/SAM_4252-800x533.jpg 800w, https:\/\/bhxblogg.no\/wp-content\/uploads\/2014\/07\/SAM_4252-800x533-300x199.jpg 300w, https:\/\/bhxblogg.no\/wp-content\/uploads\/2014\/07\/SAM_4252-800x533-700x466.jpg 700w, https:\/\/bhxblogg.no\/wp-content\/uploads\/2014\/07\/SAM_4252-800x533-332x221.jpg 332w\" sizes=\"auto, (max-width: 800px) 100vw, 800px\" \/><\/a><figcaption id=\"caption-attachment-5705\" class=\"wp-caption-text\">Veien g\u00e5r p\u00e5 en balkong i fjellsiden. Veien er bred og fin, og selv om det er bratt og langt ned er det ingen fare.<\/figcaption><\/figure>\n<figure id=\"attachment_5708\" aria-describedby=\"caption-attachment-5708\" style=\"width: 800px\" class=\"wp-caption alignnone\"><a href=\"http:\/\/bhxblogg.no\/wp-content\/uploads\/2014\/07\/2014-07-24-13.31.00-800x600.jpg\"><img loading=\"lazy\" decoding=\"async\" class=\" wp-image-5708\" src=\"http:\/\/bhxblogg.no\/wp-content\/uploads\/2014\/07\/2014-07-24-13.31.00-800x600.jpg\" alt=\"2014-07-24 13.31.00 (800x600)\" width=\"800\" height=\"600\" srcset=\"https:\/\/bhxblogg.no\/wp-content\/uploads\/2014\/07\/2014-07-24-13.31.00-800x600.jpg 800w, https:\/\/bhxblogg.no\/wp-content\/uploads\/2014\/07\/2014-07-24-13.31.00-800x600-300x225.jpg 300w, https:\/\/bhxblogg.no\/wp-content\/uploads\/2014\/07\/2014-07-24-13.31.00-800x600-700x525.jpg 700w, https:\/\/bhxblogg.no\/wp-content\/uploads\/2014\/07\/2014-07-24-13.31.00-800x600-332x249.jpg 332w\" sizes=\"auto, (max-width: 800px) 100vw, 800px\" \/><\/a><figcaption id=\"caption-attachment-5708\" class=\"wp-caption-text\">Mot toppen av Col d Aubisque p\u00e5 1709 meters h\u00f8yde.<\/figcaption><\/figure>\n<figure id=\"attachment_5712\" aria-describedby=\"caption-attachment-5712\" style=\"width: 800px\" class=\"wp-caption alignnone\"><a href=\"http:\/\/bhxblogg.no\/wp-content\/uploads\/2014\/07\/2014-07-24-13.14.52-800x600.jpg\"><img loading=\"lazy\" decoding=\"async\" class=\" wp-image-5712\" src=\"http:\/\/bhxblogg.no\/wp-content\/uploads\/2014\/07\/2014-07-24-13.14.52-800x600.jpg\" alt=\"2014-07-24 13.14.52 (800x600)\" width=\"800\" height=\"600\" srcset=\"https:\/\/bhxblogg.no\/wp-content\/uploads\/2014\/07\/2014-07-24-13.14.52-800x600.jpg 800w, https:\/\/bhxblogg.no\/wp-content\/uploads\/2014\/07\/2014-07-24-13.14.52-800x600-300x225.jpg 300w, https:\/\/bhxblogg.no\/wp-content\/uploads\/2014\/07\/2014-07-24-13.14.52-800x600-700x525.jpg 700w, https:\/\/bhxblogg.no\/wp-content\/uploads\/2014\/07\/2014-07-24-13.14.52-800x600-332x249.jpg 332w\" sizes=\"auto, (max-width: 800px) 100vw, 800px\" \/><\/a><figcaption id=\"caption-attachment-5712\" class=\"wp-caption-text\">En ting er sikkert. Du sykler ikke alene i Pyreneene p\u00e5 midtsommeren, spesielt i perioden med Tour de France. Det vrimler av syklister. Her er noen endelig oppe og puster vel lettet ut.<\/figcaption><\/figure>\n<figure id=\"attachment_5709\" aria-describedby=\"caption-attachment-5709\" style=\"width: 800px\" class=\"wp-caption alignnone\"><a href=\"http:\/\/bhxblogg.no\/wp-content\/uploads\/2014\/07\/SAM_4260-800x533.jpg\"><img loading=\"lazy\" decoding=\"async\" class=\" wp-image-5709\" src=\"http:\/\/bhxblogg.no\/wp-content\/uploads\/2014\/07\/SAM_4260-800x533.jpg\" alt=\"SAM_4260 (800x533)\" width=\"800\" height=\"533\" srcset=\"https:\/\/bhxblogg.no\/wp-content\/uploads\/2014\/07\/SAM_4260-800x533.jpg 800w, https:\/\/bhxblogg.no\/wp-content\/uploads\/2014\/07\/SAM_4260-800x533-300x199.jpg 300w, https:\/\/bhxblogg.no\/wp-content\/uploads\/2014\/07\/SAM_4260-800x533-700x466.jpg 700w, https:\/\/bhxblogg.no\/wp-content\/uploads\/2014\/07\/SAM_4260-800x533-332x221.jpg 332w\" sizes=\"auto, (max-width: 800px) 100vw, 800px\" \/><\/a><figcaption id=\"caption-attachment-5709\" class=\"wp-caption-text\">Veldig masse dyr som beiter i dette fjellet. Store friske og sunne hester, kyr og sauer nesten overalt i de gr\u00f8nne dalsidene. Dyrene er veldig tamme og her er det en hest som kanskje pr\u00f8ver \u00e5 snuse p\u00e5 en syklist sin medbrakte niste. Kanskje den har smakt energibar f\u00f8r. Sannsynlig det.<\/figcaption><\/figure>\n<figure id=\"attachment_5706\" aria-describedby=\"caption-attachment-5706\" style=\"width: 800px\" class=\"wp-caption alignnone\"><a href=\"http:\/\/bhxblogg.no\/wp-content\/uploads\/2014\/07\/2014-07-24-13.12.58-800x600.jpg\"><img loading=\"lazy\" decoding=\"async\" class=\" wp-image-5706\" src=\"http:\/\/bhxblogg.no\/wp-content\/uploads\/2014\/07\/2014-07-24-13.12.58-800x600.jpg\" alt=\"2014-07-24 13.12.58 (800x600)\" width=\"800\" height=\"600\" srcset=\"https:\/\/bhxblogg.no\/wp-content\/uploads\/2014\/07\/2014-07-24-13.12.58-800x600.jpg 800w, https:\/\/bhxblogg.no\/wp-content\/uploads\/2014\/07\/2014-07-24-13.12.58-800x600-300x225.jpg 300w, https:\/\/bhxblogg.no\/wp-content\/uploads\/2014\/07\/2014-07-24-13.12.58-800x600-700x525.jpg 700w, https:\/\/bhxblogg.no\/wp-content\/uploads\/2014\/07\/2014-07-24-13.12.58-800x600-332x249.jpg 332w\" sizes=\"auto, (max-width: 800px) 100vw, 800px\" \/><\/a><figcaption id=\"caption-attachment-5706\" class=\"wp-caption-text\">Et monument p\u00e5 toppen av Aubisque med sykler i Tourens farger. Min sykkel ble litt liten i forhold.<\/figcaption><\/figure>\n<figure id=\"attachment_5707\" aria-describedby=\"caption-attachment-5707\" style=\"width: 800px\" class=\"wp-caption alignnone\"><a href=\"http:\/\/bhxblogg.no\/wp-content\/uploads\/2014\/07\/2014-07-24-13.16.42-800x639.jpg\"><img loading=\"lazy\" decoding=\"async\" class=\" wp-image-5707\" src=\"http:\/\/bhxblogg.no\/wp-content\/uploads\/2014\/07\/2014-07-24-13.16.42-800x639.jpg\" alt=\"2014-07-24 13.16.42 (800x639)\" width=\"800\" height=\"639\" srcset=\"https:\/\/bhxblogg.no\/wp-content\/uploads\/2014\/07\/2014-07-24-13.16.42-800x639.jpg 800w, https:\/\/bhxblogg.no\/wp-content\/uploads\/2014\/07\/2014-07-24-13.16.42-800x639-300x239.jpg 300w, https:\/\/bhxblogg.no\/wp-content\/uploads\/2014\/07\/2014-07-24-13.16.42-800x639-700x559.jpg 700w, https:\/\/bhxblogg.no\/wp-content\/uploads\/2014\/07\/2014-07-24-13.16.42-800x639-332x265.jpg 332w\" sizes=\"auto, (max-width: 800px) 100vw, 800px\" \/><\/a><figcaption id=\"caption-attachment-5707\" class=\"wp-caption-text\">Som det s\u00f8mmer seg p\u00e5 slike fjellpass. En posering ved toppskiltet.<\/figcaption><\/figure>\n<p><a href=\"http:\/\/bhx.no\/index.php\/sykkel.html\" target=\"_blank\"><img loading=\"lazy\" decoding=\"async\" class=\"alignnone size-full wp-image-7342\" src=\"http:\/\/bhxblogg.no\/wp-content\/uploads\/2013\/12\/GSG-teambekledning-for-lag.png\" alt=\"GSG teambekledning for lag\" width=\"1291\" height=\"159\" srcset=\"https:\/\/bhxblogg.no\/wp-content\/uploads\/2013\/12\/GSG-teambekledning-for-lag.png 1291w, https:\/\/bhxblogg.no\/wp-content\/uploads\/2013\/12\/GSG-teambekledning-for-lag-300x37.png 300w, https:\/\/bhxblogg.no\/wp-content\/uploads\/2013\/12\/GSG-teambekledning-for-lag-1024x126.png 1024w, https:\/\/bhxblogg.no\/wp-content\/uploads\/2013\/12\/GSG-teambekledning-for-lag-700x86.png 700w, https:\/\/bhxblogg.no\/wp-content\/uploads\/2013\/12\/GSG-teambekledning-for-lag-332x41.png 332w\" sizes=\"auto, (max-width: 1291px) 100vw, 1291px\" \/><\/a><\/p>\n<figure id=\"attachment_5711\" aria-describedby=\"caption-attachment-5711\" style=\"width: 800px\" class=\"wp-caption alignnone\"><a href=\"http:\/\/bhxblogg.no\/wp-content\/uploads\/2014\/07\/SAM_4275-800x533.jpg\"><img loading=\"lazy\" decoding=\"async\" class=\" wp-image-5711\" src=\"http:\/\/bhxblogg.no\/wp-content\/uploads\/2014\/07\/SAM_4275-800x533.jpg\" alt=\"SAM_4275 (800x533)\" width=\"800\" height=\"533\" srcset=\"https:\/\/bhxblogg.no\/wp-content\/uploads\/2014\/07\/SAM_4275-800x533.jpg 800w, https:\/\/bhxblogg.no\/wp-content\/uploads\/2014\/07\/SAM_4275-800x533-300x199.jpg 300w, https:\/\/bhxblogg.no\/wp-content\/uploads\/2014\/07\/SAM_4275-800x533-700x466.jpg 700w, https:\/\/bhxblogg.no\/wp-content\/uploads\/2014\/07\/SAM_4275-800x533-332x221.jpg 332w\" sizes=\"auto, (max-width: 800px) 100vw, 800px\" \/><\/a><figcaption id=\"caption-attachment-5711\" class=\"wp-caption-text\">Feite velskapte kyr som har mer enn nok \u00e5 spise her oppe er det mange av. Bjellene deres klinger over hele fjelltoppen. Flotte dyr.<\/figcaption><\/figure>\n<figure id=\"attachment_5713\" aria-describedby=\"caption-attachment-5713\" style=\"width: 800px\" class=\"wp-caption alignnone\"><a href=\"http:\/\/bhxblogg.no\/wp-content\/uploads\/2014\/07\/SAM_4282-800x533.jpg\"><img loading=\"lazy\" decoding=\"async\" class=\" wp-image-5713\" src=\"http:\/\/bhxblogg.no\/wp-content\/uploads\/2014\/07\/SAM_4282-800x533.jpg\" alt=\"SAM_4282 (800x533)\" width=\"800\" height=\"533\" srcset=\"https:\/\/bhxblogg.no\/wp-content\/uploads\/2014\/07\/SAM_4282-800x533.jpg 800w, https:\/\/bhxblogg.no\/wp-content\/uploads\/2014\/07\/SAM_4282-800x533-300x199.jpg 300w, https:\/\/bhxblogg.no\/wp-content\/uploads\/2014\/07\/SAM_4282-800x533-700x466.jpg 700w, https:\/\/bhxblogg.no\/wp-content\/uploads\/2014\/07\/SAM_4282-800x533-332x221.jpg 332w\" sizes=\"auto, (max-width: 800px) 100vw, 800px\" \/><\/a><figcaption id=\"caption-attachment-5713\" class=\"wp-caption-text\">Nedkj\u00f8ringen var herlig. Det er ikke s\u00e5 altfor bratt s\u00e5 man kan slippe opp uten \u00e5 f\u00e5 alt for stor fart. M\u00e5 passe seg litt s\u00e5 man ikke crasher i dyrene:-)<\/figcaption><\/figure>\n<figure id=\"attachment_5714\" aria-describedby=\"caption-attachment-5714\" style=\"width: 800px\" class=\"wp-caption alignnone\"><a href=\"http:\/\/bhxblogg.no\/wp-content\/uploads\/2014\/07\/SAM_4298-800x533.jpg\"><img loading=\"lazy\" decoding=\"async\" class=\" wp-image-5714\" src=\"http:\/\/bhxblogg.no\/wp-content\/uploads\/2014\/07\/SAM_4298-800x533.jpg\" alt=\"SAM_4298 (800x533)\" width=\"800\" height=\"533\" srcset=\"https:\/\/bhxblogg.no\/wp-content\/uploads\/2014\/07\/SAM_4298-800x533.jpg 800w, https:\/\/bhxblogg.no\/wp-content\/uploads\/2014\/07\/SAM_4298-800x533-300x199.jpg 300w, https:\/\/bhxblogg.no\/wp-content\/uploads\/2014\/07\/SAM_4298-800x533-700x466.jpg 700w, https:\/\/bhxblogg.no\/wp-content\/uploads\/2014\/07\/SAM_4298-800x533-332x221.jpg 332w\" sizes=\"auto, (max-width: 800px) 100vw, 800px\" \/><\/a><figcaption id=\"caption-attachment-5714\" class=\"wp-caption-text\">Greit \u00e5 holde seg inntil fjellveggen her i balkongveien mellom Aubisque og Solour.<\/figcaption><\/figure>\n<figure id=\"attachment_5715\" aria-describedby=\"caption-attachment-5715\" style=\"width: 800px\" class=\"wp-caption alignnone\"><a href=\"http:\/\/bhxblogg.no\/wp-content\/uploads\/2014\/07\/2014-07-24-14.08.30-800x600.jpg\"><img loading=\"lazy\" decoding=\"async\" class=\" wp-image-5715\" src=\"http:\/\/bhxblogg.no\/wp-content\/uploads\/2014\/07\/2014-07-24-14.08.30-800x600.jpg\" alt=\"2014-07-24 14.08.30 (800x600)\" width=\"800\" height=\"600\" srcset=\"https:\/\/bhxblogg.no\/wp-content\/uploads\/2014\/07\/2014-07-24-14.08.30-800x600.jpg 800w, https:\/\/bhxblogg.no\/wp-content\/uploads\/2014\/07\/2014-07-24-14.08.30-800x600-300x225.jpg 300w, https:\/\/bhxblogg.no\/wp-content\/uploads\/2014\/07\/2014-07-24-14.08.30-800x600-700x525.jpg 700w, https:\/\/bhxblogg.no\/wp-content\/uploads\/2014\/07\/2014-07-24-14.08.30-800x600-332x249.jpg 332w\" sizes=\"auto, (max-width: 800px) 100vw, 800px\" \/><\/a><figcaption id=\"caption-attachment-5715\" class=\"wp-caption-text\">Denne sauen fikk l\u00e5ne min Seven eleven tr\u00f8ye. Sykkelfrelste sauer er det mange av her.<\/figcaption><\/figure>\n<figure id=\"attachment_5718\" aria-describedby=\"caption-attachment-5718\" style=\"width: 800px\" class=\"wp-caption alignnone\"><a href=\"http:\/\/bhxblogg.no\/wp-content\/uploads\/2014\/07\/SAM_4308-800x533.jpg\"><img loading=\"lazy\" decoding=\"async\" class=\" wp-image-5718\" src=\"http:\/\/bhxblogg.no\/wp-content\/uploads\/2014\/07\/SAM_4308-800x533.jpg\" alt=\"SAM_4308 (800x533)\" width=\"800\" height=\"533\" srcset=\"https:\/\/bhxblogg.no\/wp-content\/uploads\/2014\/07\/SAM_4308-800x533.jpg 800w, https:\/\/bhxblogg.no\/wp-content\/uploads\/2014\/07\/SAM_4308-800x533-300x199.jpg 300w, https:\/\/bhxblogg.no\/wp-content\/uploads\/2014\/07\/SAM_4308-800x533-700x466.jpg 700w, https:\/\/bhxblogg.no\/wp-content\/uploads\/2014\/07\/SAM_4308-800x533-332x221.jpg 332w\" sizes=\"auto, (max-width: 800px) 100vw, 800px\" \/><\/a><figcaption id=\"caption-attachment-5718\" class=\"wp-caption-text\">Med slitne ben etter mye fjellsykling tok vi bena fatt mot Hautacam som var fjellet for m\u00e5lgang p\u00e5 dagens Tour de France etappe. Den ligger p\u00e5 andre siden av dalen fra Aubisque, ved byen Argeles Gazost. Tor Sigurd har f\u00e5tt seg klatrecaps fra Caravanen i g\u00e5r og er derfor moteriktig antrukket.<\/figcaption><\/figure>\n<figure id=\"attachment_5719\" aria-describedby=\"caption-attachment-5719\" style=\"width: 800px\" class=\"wp-caption alignnone\"><a href=\"http:\/\/bhxblogg.no\/wp-content\/uploads\/2014\/07\/SAM_4311-800x533.jpg\"><img loading=\"lazy\" decoding=\"async\" class=\" wp-image-5719\" src=\"http:\/\/bhxblogg.no\/wp-content\/uploads\/2014\/07\/SAM_4311-800x533.jpg\" alt=\"SAM_4311 (800x533)\" width=\"800\" height=\"533\" srcset=\"https:\/\/bhxblogg.no\/wp-content\/uploads\/2014\/07\/SAM_4311-800x533.jpg 800w, https:\/\/bhxblogg.no\/wp-content\/uploads\/2014\/07\/SAM_4311-800x533-300x199.jpg 300w, https:\/\/bhxblogg.no\/wp-content\/uploads\/2014\/07\/SAM_4311-800x533-700x466.jpg 700w, https:\/\/bhxblogg.no\/wp-content\/uploads\/2014\/07\/SAM_4311-800x533-332x221.jpg 332w\" sizes=\"auto, (max-width: 800px) 100vw, 800px\" \/><\/a><figcaption id=\"caption-attachment-5719\" class=\"wp-caption-text\">Mange som rusler opp mot Hautacam for \u00e5 se Touren.<\/figcaption><\/figure>\n<figure id=\"attachment_5720\" aria-describedby=\"caption-attachment-5720\" style=\"width: 800px\" class=\"wp-caption alignnone\"><a href=\"http:\/\/bhxblogg.no\/wp-content\/uploads\/2014\/07\/SAM_4315-800x533.jpg\"><img loading=\"lazy\" decoding=\"async\" class=\" wp-image-5720\" src=\"http:\/\/bhxblogg.no\/wp-content\/uploads\/2014\/07\/SAM_4315-800x533.jpg\" alt=\"SAM_4315 (800x533)\" width=\"800\" height=\"533\" srcset=\"https:\/\/bhxblogg.no\/wp-content\/uploads\/2014\/07\/SAM_4315-800x533.jpg 800w, https:\/\/bhxblogg.no\/wp-content\/uploads\/2014\/07\/SAM_4315-800x533-300x199.jpg 300w, https:\/\/bhxblogg.no\/wp-content\/uploads\/2014\/07\/SAM_4315-800x533-700x466.jpg 700w, https:\/\/bhxblogg.no\/wp-content\/uploads\/2014\/07\/SAM_4315-800x533-332x221.jpg 332w\" sizes=\"auto, (max-width: 800px) 100vw, 800px\" \/><\/a><figcaption id=\"caption-attachment-5720\" class=\"wp-caption-text\">Plasserte oss p\u00e5 en hylle langs veien i et parti med god oversikt. Vakter hadde stengt ferdsel oppover s\u00e5 sammen med flere hundre m\u00e5tte vi g\u00e5 gjennom et jorde og klatre over litt piggtr\u00e5d for \u00e5 komme opp. Det vi ikke visste var at det stod en stor og kraftig okse p\u00e5 tunet, men den stod bare \u00e5 skuet p\u00e5 oss mens vi trampet over territoriet.<\/figcaption><\/figure>\n<p>F\u00f8rst kommer Mikel Nieve fra team SKY. Se video:<\/p>\n<p><iframe loading=\"lazy\" title=\"Mikel Nieve in Hautacam climb, 2014 Tour de France\" width=\"660\" height=\"371\" src=\"https:\/\/www.youtube.com\/embed\/sjdTw0fiVM0?feature=oembed\" frameborder=\"0\" allow=\"accelerometer; autoplay; clipboard-write; encrypted-media; gyroscope; picture-in-picture; web-share\" referrerpolicy=\"strict-origin-when-cross-origin\" allowfullscreen><\/iframe><\/p>\n<figure id=\"attachment_5721\" aria-describedby=\"caption-attachment-5721\" style=\"width: 800px\" class=\"wp-caption alignnone\"><a href=\"http:\/\/bhxblogg.no\/wp-content\/uploads\/2014\/07\/2014-07-24-16.43.27-800x600.jpg\"><img loading=\"lazy\" decoding=\"async\" class=\" wp-image-5721\" src=\"http:\/\/bhxblogg.no\/wp-content\/uploads\/2014\/07\/2014-07-24-16.43.27-800x600.jpg\" alt=\"2014-07-24 16.43.27 (800x600)\" width=\"800\" height=\"600\" srcset=\"https:\/\/bhxblogg.no\/wp-content\/uploads\/2014\/07\/2014-07-24-16.43.27-800x600.jpg 800w, https:\/\/bhxblogg.no\/wp-content\/uploads\/2014\/07\/2014-07-24-16.43.27-800x600-300x225.jpg 300w, https:\/\/bhxblogg.no\/wp-content\/uploads\/2014\/07\/2014-07-24-16.43.27-800x600-700x525.jpg 700w, https:\/\/bhxblogg.no\/wp-content\/uploads\/2014\/07\/2014-07-24-16.43.27-800x600-332x249.jpg 332w\" sizes=\"auto, (max-width: 800px) 100vw, 800px\" \/><\/a><figcaption id=\"caption-attachment-5721\" class=\"wp-caption-text\">S\u00e5 kommer rytterne. Aller f\u00f8rst Mikel Nieve fra Sky, og litt senere f\u00f8lger toget med Nibali i stor fart. Nibali vant etappen.<\/figcaption><\/figure>\n<figure id=\"attachment_5722\" aria-describedby=\"caption-attachment-5722\" style=\"width: 800px\" class=\"wp-caption alignnone\"><a href=\"http:\/\/bhxblogg.no\/wp-content\/uploads\/2014\/07\/2014-07-24-16.50.41-800x600.jpg\"><img loading=\"lazy\" decoding=\"async\" class=\" wp-image-5722\" src=\"http:\/\/bhxblogg.no\/wp-content\/uploads\/2014\/07\/2014-07-24-16.50.41-800x600.jpg\" alt=\"2014-07-24 16.50.41 (800x600)\" width=\"800\" height=\"600\" srcset=\"https:\/\/bhxblogg.no\/wp-content\/uploads\/2014\/07\/2014-07-24-16.50.41-800x600.jpg 800w, https:\/\/bhxblogg.no\/wp-content\/uploads\/2014\/07\/2014-07-24-16.50.41-800x600-300x225.jpg 300w, https:\/\/bhxblogg.no\/wp-content\/uploads\/2014\/07\/2014-07-24-16.50.41-800x600-700x525.jpg 700w, https:\/\/bhxblogg.no\/wp-content\/uploads\/2014\/07\/2014-07-24-16.50.41-800x600-332x249.jpg 332w\" sizes=\"auto, (max-width: 800px) 100vw, 800px\" \/><\/a><figcaption id=\"caption-attachment-5722\" class=\"wp-caption-text\">Peter Sagan var helt sluttkj\u00f8rt her og tok det rolig.<\/figcaption><\/figure>\n<figure id=\"attachment_5723\" aria-describedby=\"caption-attachment-5723\" style=\"width: 800px\" class=\"wp-caption alignnone\"><a href=\"http:\/\/bhxblogg.no\/wp-content\/uploads\/2014\/07\/2014-07-24-16.58.21-800x600.jpg\"><img loading=\"lazy\" decoding=\"async\" class=\" wp-image-5723\" src=\"http:\/\/bhxblogg.no\/wp-content\/uploads\/2014\/07\/2014-07-24-16.58.21-800x600.jpg\" alt=\"2014-07-24 16.58.21 (800x600)\" width=\"800\" height=\"600\" srcset=\"https:\/\/bhxblogg.no\/wp-content\/uploads\/2014\/07\/2014-07-24-16.58.21-800x600.jpg 800w, https:\/\/bhxblogg.no\/wp-content\/uploads\/2014\/07\/2014-07-24-16.58.21-800x600-300x225.jpg 300w, https:\/\/bhxblogg.no\/wp-content\/uploads\/2014\/07\/2014-07-24-16.58.21-800x600-700x525.jpg 700w, https:\/\/bhxblogg.no\/wp-content\/uploads\/2014\/07\/2014-07-24-16.58.21-800x600-332x249.jpg 332w\" sizes=\"auto, (max-width: 800px) 100vw, 800px\" \/><\/a><figcaption id=\"caption-attachment-5723\" class=\"wp-caption-text\">Marcus Burghardt og store deler av hovedfeltet kommer lenge etter de andre og spinner rolig opp.<\/figcaption><\/figure>\n<figure id=\"attachment_5724\" aria-describedby=\"caption-attachment-5724\" style=\"width: 800px\" class=\"wp-caption alignnone\"><a href=\"http:\/\/bhxblogg.no\/wp-content\/uploads\/2014\/07\/2014-07-24-16.59.30-800x600.jpg\"><img loading=\"lazy\" decoding=\"async\" class=\"wp-image-5724 size-full\" src=\"http:\/\/bhxblogg.no\/wp-content\/uploads\/2014\/07\/2014-07-24-16.59.30-800x600.jpg\" alt=\"2014-07-24 16.59.30 (800x600)\" width=\"800\" height=\"600\" srcset=\"https:\/\/bhxblogg.no\/wp-content\/uploads\/2014\/07\/2014-07-24-16.59.30-800x600.jpg 800w, https:\/\/bhxblogg.no\/wp-content\/uploads\/2014\/07\/2014-07-24-16.59.30-800x600-300x225.jpg 300w, https:\/\/bhxblogg.no\/wp-content\/uploads\/2014\/07\/2014-07-24-16.59.30-800x600-700x525.jpg 700w, https:\/\/bhxblogg.no\/wp-content\/uploads\/2014\/07\/2014-07-24-16.59.30-800x600-332x249.jpg 332w\" sizes=\"auto, (max-width: 800px) 100vw, 800px\" \/><\/a><figcaption id=\"caption-attachment-5724\" class=\"wp-caption-text\">Klatringen opp Hautacam er ingen kosetur. Det er en ujevn stigning hvor det er vanskelig \u00e5 finne god rytme. Og det er mange bratte parti.<\/figcaption><\/figure>\n","protected":false},"excerpt":{"rendered":"<p>Vi bor i Lourdes n\u00e5, som ligger ved inngangspartiet til Pyreneene, og n\u00e6r til flere av de legendariske fjellpassene som har lang historie i Tour de France. Et av dem er Col d`Aubisque som er brukt sv\u00e6rt mange ganger i Tourens rute. Det er forst\u00e5elig. &nbsp; Col d`Aubisque er enkelt &#8230;<\/p>\n","protected":false},"author":1,"featured_media":5706,"comment_status":"open","ping_status":"open","sticky":false,"template":"","format":"standard","meta":{"footnotes":""},"categories":[12,66,73,121,2,57],"tags":[],"class_list":["post-5703","post","type-post","status-publish","format-standard","has-post-thumbnail","hentry","category-bigclimbs","category-franske-big-climbs","category-pyreneene","category-pyreneene-frankrike","category-sykkelreiser","category-tourdefrance","column","threecol","has-thumbnail"],"_links":{"self":[{"href":"https:\/\/bhxblogg.no\/index.php?rest_route=\/wp\/v2\/posts\/5703","targetHints":{"allow":["GET"]}}],"collection":[{"href":"https:\/\/bhxblogg.no\/index.php?rest_route=\/wp\/v2\/posts"}],"about":[{"href":"https:\/\/bhxblogg.no\/index.php?rest_route=\/wp\/v2\/types\/post"}],"author":[{"embeddable":true,"href":"https:\/\/bhxblogg.no\/index.php?rest_route=\/wp\/v2\/users\/1"}],"replies":[{"embeddable":true,"href":"https:\/\/bhxblogg.no\/index.php?rest_route=%2Fwp%2Fv2%2Fcomments&post=5703"}],"version-history":[{"count":9,"href":"https:\/\/bhxblogg.no\/index.php?rest_route=\/wp\/v2\/posts\/5703\/revisions"}],"predecessor-version":[{"id":8723,"href":"https:\/\/bhxblogg.no\/index.php?rest_route=\/wp\/v2\/posts\/5703\/revisions\/8723"}],"wp:featuredmedia":[{"embeddable":true,"href":"https:\/\/bhxblogg.no\/index.php?rest_route=\/wp\/v2\/media\/5706"}],"wp:attachment":[{"href":"https:\/\/bhxblogg.no\/index.php?rest_route=%2Fwp%2Fv2%2Fmedia&parent=5703"}],"wp:term":[{"taxonomy":"category","embeddable":true,"href":"https:\/\/bhxblogg.no\/index.php?rest_route=%2Fwp%2Fv2%2Fcategories&post=5703"},{"taxonomy":"post_tag","embeddable":true,"href":"https:\/\/bhxblogg.no\/index.php?rest_route=%2Fwp%2Fv2%2Ftags&post=5703"}],"curies":[{"name":"wp","href":"https:\/\/api.w.org\/{rel}","templated":true}]}}