{"id":5621,"date":"2014-07-23T10:17:39","date_gmt":"2014-07-23T08:17:39","guid":{"rendered":"http:\/\/bhxblogg.no\/?p=5621"},"modified":"2023-02-04T01:00:07","modified_gmt":"2023-02-04T00:00:07","slug":"dag-2-port-de-bales-og-tour-de-france","status":"publish","type":"post","link":"https:\/\/bhxblogg.no\/?p=5621","title":{"rendered":"Pyreneene 2014: Tour de France p\u00e5 vakre Port de Bal\u00e8s"},"content":{"rendered":"<p>Jeg stod opp tidlig denne dagen for \u00e5 sykle en lang runde og komme inn p\u00e5 Tour de France ruten for dagen, f\u00f8r klatringen opp til Port de Bal\u00e8s. Rytterne skulle over dette fjellet f\u00f8r de dundret ned mot m\u00e5l I Bagner\u00e8s de Luchon og jeg hadde derfor planer om \u00e5 v\u00e6re p\u00e5 toppen av det fjellet.<\/p>\n<figure id=\"attachment_5646\" aria-describedby=\"caption-attachment-5646\" style=\"width: 800px\" class=\"wp-caption alignnone\"><a href=\"http:\/\/bhxblogg.no\/wp-content\/uploads\/2014\/07\/SAM_3981-800x600.jpg\"><img loading=\"lazy\" decoding=\"async\" class=\" wp-image-5646\" src=\"http:\/\/bhxblogg.no\/wp-content\/uploads\/2014\/07\/SAM_3981-800x600.jpg\" alt=\"SAM_3981 (800x600)\" width=\"800\" height=\"600\" srcset=\"https:\/\/bhxblogg.no\/wp-content\/uploads\/2014\/07\/SAM_3981-800x600.jpg 800w, https:\/\/bhxblogg.no\/wp-content\/uploads\/2014\/07\/SAM_3981-800x600-300x225.jpg 300w, https:\/\/bhxblogg.no\/wp-content\/uploads\/2014\/07\/SAM_3981-800x600-700x525.jpg 700w, https:\/\/bhxblogg.no\/wp-content\/uploads\/2014\/07\/SAM_3981-800x600-332x249.jpg 332w\" sizes=\"auto, (max-width: 800px) 100vw, 800px\" \/><\/a><figcaption id=\"caption-attachment-5646\" class=\"wp-caption-text\">Fin morgen utenfor leilighetskomplekset vi bor p\u00e5 i Arreau. Her bodde det mange journalister og service folk til ulike TV-kanaler som f\u00f8lger Tour de France.<\/figcaption><\/figure>\n<figure id=\"attachment_5647\" aria-describedby=\"caption-attachment-5647\" style=\"width: 800px\" class=\"wp-caption alignnone\"><a href=\"http:\/\/bhxblogg.no\/wp-content\/uploads\/2014\/07\/SAM_3997-800x450.jpg\"><img loading=\"lazy\" decoding=\"async\" class=\" wp-image-5647\" src=\"http:\/\/bhxblogg.no\/wp-content\/uploads\/2014\/07\/SAM_3997-800x450.jpg\" alt=\"SAM_3997 (800x450)\" width=\"800\" height=\"450\" srcset=\"https:\/\/bhxblogg.no\/wp-content\/uploads\/2014\/07\/SAM_3997-800x450.jpg 800w, https:\/\/bhxblogg.no\/wp-content\/uploads\/2014\/07\/SAM_3997-800x450-300x168.jpg 300w, https:\/\/bhxblogg.no\/wp-content\/uploads\/2014\/07\/SAM_3997-800x450-700x393.jpg 700w, https:\/\/bhxblogg.no\/wp-content\/uploads\/2014\/07\/SAM_3997-800x450-332x186.jpg 332w\" sizes=\"auto, (max-width: 800px) 100vw, 800px\" \/><\/a><figcaption id=\"caption-attachment-5647\" class=\"wp-caption-text\">Turen p\u00e5 landsbygda begynner og det er virkelig utrolig fine omgivelser du m\u00f8ter p\u00e5 sykkelen her nede, med slott og borger mange steder.<\/figcaption><\/figure>\n<figure id=\"attachment_5648\" aria-describedby=\"caption-attachment-5648\" style=\"width: 800px\" class=\"wp-caption alignnone\"><a href=\"http:\/\/bhxblogg.no\/wp-content\/uploads\/2014\/07\/SAM_4003-800x450.jpg\"><img loading=\"lazy\" decoding=\"async\" class=\" wp-image-5648\" src=\"http:\/\/bhxblogg.no\/wp-content\/uploads\/2014\/07\/SAM_4003-800x450.jpg\" alt=\"SAM_4003 (800x450)\" width=\"800\" height=\"450\" srcset=\"https:\/\/bhxblogg.no\/wp-content\/uploads\/2014\/07\/SAM_4003-800x450.jpg 800w, https:\/\/bhxblogg.no\/wp-content\/uploads\/2014\/07\/SAM_4003-800x450-300x168.jpg 300w, https:\/\/bhxblogg.no\/wp-content\/uploads\/2014\/07\/SAM_4003-800x450-700x393.jpg 700w, https:\/\/bhxblogg.no\/wp-content\/uploads\/2014\/07\/SAM_4003-800x450-332x186.jpg 332w\" sizes=\"auto, (max-width: 800px) 100vw, 800px\" \/><\/a><figcaption id=\"caption-attachment-5648\" class=\"wp-caption-text\">Langs veien mot Port de Bal\u00e8s m\u00f8tte jeg et fransk sykkellag som ogs\u00e5 skulle opp. La meg bak dem og fikk god drahjelp p\u00e5 de lange flatene.<\/figcaption><\/figure>\n<figure id=\"attachment_5649\" aria-describedby=\"caption-attachment-5649\" style=\"width: 800px\" class=\"wp-caption alignnone\"><a href=\"http:\/\/bhxblogg.no\/wp-content\/uploads\/2014\/07\/SAM_4004-800x450.jpg\"><img loading=\"lazy\" decoding=\"async\" class=\" wp-image-5649\" src=\"http:\/\/bhxblogg.no\/wp-content\/uploads\/2014\/07\/SAM_4004-800x450.jpg\" alt=\"SAM_4004 (800x450)\" width=\"800\" height=\"450\" srcset=\"https:\/\/bhxblogg.no\/wp-content\/uploads\/2014\/07\/SAM_4004-800x450.jpg 800w, https:\/\/bhxblogg.no\/wp-content\/uploads\/2014\/07\/SAM_4004-800x450-300x168.jpg 300w, https:\/\/bhxblogg.no\/wp-content\/uploads\/2014\/07\/SAM_4004-800x450-700x393.jpg 700w, https:\/\/bhxblogg.no\/wp-content\/uploads\/2014\/07\/SAM_4004-800x450-332x186.jpg 332w\" sizes=\"auto, (max-width: 800px) 100vw, 800px\" \/><\/a><figcaption id=\"caption-attachment-5649\" class=\"wp-caption-text\">Her starter klatringen opp til Port de Bal\u00e8s. Masse folk og stor stemning her. Utallige syklister.<\/figcaption><\/figure>\n<figure id=\"attachment_5651\" aria-describedby=\"caption-attachment-5651\" style=\"width: 800px\" class=\"wp-caption alignnone\"><a href=\"http:\/\/bhxblogg.no\/wp-content\/uploads\/2014\/07\/SAM_4013-800x533.jpg\"><img loading=\"lazy\" decoding=\"async\" class=\" wp-image-5651\" src=\"http:\/\/bhxblogg.no\/wp-content\/uploads\/2014\/07\/SAM_4013-800x533.jpg\" alt=\"SAM_4013 (800x533)\" width=\"800\" height=\"533\" srcset=\"https:\/\/bhxblogg.no\/wp-content\/uploads\/2014\/07\/SAM_4013-800x533.jpg 800w, https:\/\/bhxblogg.no\/wp-content\/uploads\/2014\/07\/SAM_4013-800x533-300x199.jpg 300w, https:\/\/bhxblogg.no\/wp-content\/uploads\/2014\/07\/SAM_4013-800x533-700x466.jpg 700w, https:\/\/bhxblogg.no\/wp-content\/uploads\/2014\/07\/SAM_4013-800x533-332x221.jpg 332w\" sizes=\"auto, (max-width: 800px) 100vw, 800px\" \/><\/a><figcaption id=\"caption-attachment-5651\" class=\"wp-caption-text\">M\u00f8tte denne karen noen km opp i stigningen. Han er kjent syn for de fleste som f\u00f8lger Tour de France og har vel st\u00e5tt ved veien p\u00e5 de fleste etappene i flere ti\u00e5r kan man ha inntrykk av.<\/figcaption><\/figure>\n<figure id=\"attachment_5652\" aria-describedby=\"caption-attachment-5652\" style=\"width: 800px\" class=\"wp-caption alignnone\"><a href=\"http:\/\/bhxblogg.no\/wp-content\/uploads\/2014\/07\/SAM_4017-800x533.jpg\"><img loading=\"lazy\" decoding=\"async\" class=\" wp-image-5652\" src=\"http:\/\/bhxblogg.no\/wp-content\/uploads\/2014\/07\/SAM_4017-800x533.jpg\" alt=\"SAM_4017 (800x533)\" width=\"800\" height=\"533\" srcset=\"https:\/\/bhxblogg.no\/wp-content\/uploads\/2014\/07\/SAM_4017-800x533.jpg 800w, https:\/\/bhxblogg.no\/wp-content\/uploads\/2014\/07\/SAM_4017-800x533-300x199.jpg 300w, https:\/\/bhxblogg.no\/wp-content\/uploads\/2014\/07\/SAM_4017-800x533-700x466.jpg 700w, https:\/\/bhxblogg.no\/wp-content\/uploads\/2014\/07\/SAM_4017-800x533-332x221.jpg 332w\" sizes=\"auto, (max-width: 800px) 100vw, 800px\" \/><\/a><figcaption id=\"caption-attachment-5652\" class=\"wp-caption-text\">Mange klassiske sykkeldrakter \u00e5 se langs veien. Her er det en gammel Phonak-drakt, som blant annet Floyd Landis brukte da han ble tatt i doping. Herlig \u00e5 sykle med folk av alle slag, alder og fasonger.<\/figcaption><\/figure>\n<figure id=\"attachment_5653\" aria-describedby=\"caption-attachment-5653\" style=\"width: 800px\" class=\"wp-caption alignnone\"><a href=\"http:\/\/bhxblogg.no\/wp-content\/uploads\/2014\/07\/SAM_4040-800x533.jpg\"><img loading=\"lazy\" decoding=\"async\" class=\" wp-image-5653\" src=\"http:\/\/bhxblogg.no\/wp-content\/uploads\/2014\/07\/SAM_4040-800x533.jpg\" alt=\"SAM_4040 (800x533)\" width=\"800\" height=\"533\" srcset=\"https:\/\/bhxblogg.no\/wp-content\/uploads\/2014\/07\/SAM_4040-800x533.jpg 800w, https:\/\/bhxblogg.no\/wp-content\/uploads\/2014\/07\/SAM_4040-800x533-300x199.jpg 300w, https:\/\/bhxblogg.no\/wp-content\/uploads\/2014\/07\/SAM_4040-800x533-700x466.jpg 700w, https:\/\/bhxblogg.no\/wp-content\/uploads\/2014\/07\/SAM_4040-800x533-332x221.jpg 332w\" sizes=\"auto, (max-width: 800px) 100vw, 800px\" \/><\/a><figcaption id=\"caption-attachment-5653\" class=\"wp-caption-text\">N\u00e6rmer meg toppen av Port de Bal\u00e8s. Fantastisk flott fjell dette.<\/figcaption><\/figure>\n<figure id=\"attachment_5654\" aria-describedby=\"caption-attachment-5654\" style=\"width: 800px\" class=\"wp-caption alignnone\"><a href=\"http:\/\/bhxblogg.no\/wp-content\/uploads\/2014\/07\/SAM_4044-800x533.jpg\"><img loading=\"lazy\" decoding=\"async\" class=\" wp-image-5654\" src=\"http:\/\/bhxblogg.no\/wp-content\/uploads\/2014\/07\/SAM_4044-800x533.jpg\" alt=\"SAM_4044 (800x533)\" width=\"800\" height=\"533\" srcset=\"https:\/\/bhxblogg.no\/wp-content\/uploads\/2014\/07\/SAM_4044-800x533.jpg 800w, https:\/\/bhxblogg.no\/wp-content\/uploads\/2014\/07\/SAM_4044-800x533-300x199.jpg 300w, https:\/\/bhxblogg.no\/wp-content\/uploads\/2014\/07\/SAM_4044-800x533-700x466.jpg 700w, https:\/\/bhxblogg.no\/wp-content\/uploads\/2014\/07\/SAM_4044-800x533-332x221.jpg 332w\" sizes=\"auto, (max-width: 800px) 100vw, 800px\" \/><\/a><figcaption id=\"caption-attachment-5654\" class=\"wp-caption-text\">Siste km f\u00f8r toppen. Tett i tett med biler, campingvogner og bobiler<\/figcaption><\/figure>\n<figure id=\"attachment_5655\" aria-describedby=\"caption-attachment-5655\" style=\"width: 800px\" class=\"wp-caption alignnone\"><a href=\"http:\/\/bhxblogg.no\/wp-content\/uploads\/2014\/07\/SAM_4048-800x533.jpg\"><img loading=\"lazy\" decoding=\"async\" class=\" wp-image-5655\" src=\"http:\/\/bhxblogg.no\/wp-content\/uploads\/2014\/07\/SAM_4048-800x533.jpg\" alt=\"SAM_4048 (800x533)\" width=\"800\" height=\"533\" srcset=\"https:\/\/bhxblogg.no\/wp-content\/uploads\/2014\/07\/SAM_4048-800x533.jpg 800w, https:\/\/bhxblogg.no\/wp-content\/uploads\/2014\/07\/SAM_4048-800x533-300x199.jpg 300w, https:\/\/bhxblogg.no\/wp-content\/uploads\/2014\/07\/SAM_4048-800x533-700x466.jpg 700w, https:\/\/bhxblogg.no\/wp-content\/uploads\/2014\/07\/SAM_4048-800x533-332x221.jpg 332w\" sizes=\"auto, (max-width: 800px) 100vw, 800px\" \/><\/a><figcaption id=\"caption-attachment-5655\" class=\"wp-caption-text\">Nordmenn som har instalert seg p\u00e5 veien. Synes Ikke det var s\u00e5 veldig mange av dem her nede.<\/figcaption><\/figure>\n<figure id=\"attachment_5656\" aria-describedby=\"caption-attachment-5656\" style=\"width: 800px\" class=\"wp-caption alignnone\"><a href=\"http:\/\/bhxblogg.no\/wp-content\/uploads\/2014\/07\/SAM_4062-800x533.jpg\"><img loading=\"lazy\" decoding=\"async\" class=\" wp-image-5656\" src=\"http:\/\/bhxblogg.no\/wp-content\/uploads\/2014\/07\/SAM_4062-800x533.jpg\" alt=\"SAM_4062 (800x533)\" width=\"800\" height=\"533\" srcset=\"https:\/\/bhxblogg.no\/wp-content\/uploads\/2014\/07\/SAM_4062-800x533.jpg 800w, https:\/\/bhxblogg.no\/wp-content\/uploads\/2014\/07\/SAM_4062-800x533-300x199.jpg 300w, https:\/\/bhxblogg.no\/wp-content\/uploads\/2014\/07\/SAM_4062-800x533-700x466.jpg 700w, https:\/\/bhxblogg.no\/wp-content\/uploads\/2014\/07\/SAM_4062-800x533-332x221.jpg 332w\" sizes=\"auto, (max-width: 800px) 100vw, 800px\" \/><\/a><figcaption id=\"caption-attachment-5656\" class=\"wp-caption-text\">Posering foran toppen p\u00e5 Port de Bal\u00e8s. Mye vakthold langs veien i Tour de France og uniformert politi er et kjent syn.<\/figcaption><\/figure>\n<figure id=\"attachment_5668\" aria-describedby=\"caption-attachment-5668\" style=\"width: 800px\" class=\"wp-caption alignnone\"><a href=\"http:\/\/bhxblogg.no\/wp-content\/uploads\/2014\/07\/SAM_4068-800x533.jpg\"><img loading=\"lazy\" decoding=\"async\" class=\" wp-image-5668\" src=\"http:\/\/bhxblogg.no\/wp-content\/uploads\/2014\/07\/SAM_4068-800x533.jpg\" alt=\"SAM_4068 (800x533)\" width=\"800\" height=\"533\" srcset=\"https:\/\/bhxblogg.no\/wp-content\/uploads\/2014\/07\/SAM_4068-800x533.jpg 800w, https:\/\/bhxblogg.no\/wp-content\/uploads\/2014\/07\/SAM_4068-800x533-300x199.jpg 300w, https:\/\/bhxblogg.no\/wp-content\/uploads\/2014\/07\/SAM_4068-800x533-700x466.jpg 700w, https:\/\/bhxblogg.no\/wp-content\/uploads\/2014\/07\/SAM_4068-800x533-332x221.jpg 332w\" sizes=\"auto, (max-width: 800px) 100vw, 800px\" \/><\/a><figcaption id=\"caption-attachment-5668\" class=\"wp-caption-text\">Herlig syn. Horder med syklister p\u00e5 vei opp til toppen. Mye svette og tung pust her.<\/figcaption><\/figure>\n<figure id=\"attachment_5669\" aria-describedby=\"caption-attachment-5669\" style=\"width: 800px\" class=\"wp-caption alignnone\"><a href=\"http:\/\/bhxblogg.no\/wp-content\/uploads\/2014\/07\/SAM_4087-800x533.jpg\"><img loading=\"lazy\" decoding=\"async\" class=\" wp-image-5669\" src=\"http:\/\/bhxblogg.no\/wp-content\/uploads\/2014\/07\/SAM_4087-800x533.jpg\" alt=\"SAM_4087 (800x533)\" width=\"800\" height=\"533\" srcset=\"https:\/\/bhxblogg.no\/wp-content\/uploads\/2014\/07\/SAM_4087-800x533.jpg 800w, https:\/\/bhxblogg.no\/wp-content\/uploads\/2014\/07\/SAM_4087-800x533-300x199.jpg 300w, https:\/\/bhxblogg.no\/wp-content\/uploads\/2014\/07\/SAM_4087-800x533-700x466.jpg 700w, https:\/\/bhxblogg.no\/wp-content\/uploads\/2014\/07\/SAM_4087-800x533-332x221.jpg 332w\" sizes=\"auto, (max-width: 800px) 100vw, 800px\" \/><\/a><figcaption id=\"caption-attachment-5669\" class=\"wp-caption-text\">Denne lille gutten kom i klatretr\u00f8ye opp mot toppen av monsterklatringen. Imponerende bragd! Han fikk en \u00f8red\u00f8vende jubel fra publikum den siste km. Han glemmer nok ikke den med det f\u00f8rste.<\/figcaption><\/figure>\n<figure id=\"attachment_5658\" aria-describedby=\"caption-attachment-5658\" style=\"width: 800px\" class=\"wp-caption alignnone\"><a href=\"http:\/\/bhxblogg.no\/wp-content\/uploads\/2014\/07\/2014-07-22-16.45.17-800x600.jpg\"><img loading=\"lazy\" decoding=\"async\" class=\" wp-image-5658\" src=\"http:\/\/bhxblogg.no\/wp-content\/uploads\/2014\/07\/2014-07-22-16.45.17-800x600.jpg\" alt=\"2014-07-22 16.45.17 (800x600)\" width=\"800\" height=\"600\" srcset=\"https:\/\/bhxblogg.no\/wp-content\/uploads\/2014\/07\/2014-07-22-16.45.17-800x600.jpg 800w, https:\/\/bhxblogg.no\/wp-content\/uploads\/2014\/07\/2014-07-22-16.45.17-800x600-300x225.jpg 300w, https:\/\/bhxblogg.no\/wp-content\/uploads\/2014\/07\/2014-07-22-16.45.17-800x600-700x525.jpg 700w, https:\/\/bhxblogg.no\/wp-content\/uploads\/2014\/07\/2014-07-22-16.45.17-800x600-332x249.jpg 332w\" sizes=\"auto, (max-width: 800px) 100vw, 800px\" \/><\/a><figcaption id=\"caption-attachment-5658\" class=\"wp-caption-text\">S\u00e5 kommer rytterne. Michael Rogers fra Tinkoff Saxo som vant etappen kommer aller f\u00f8rst.<\/figcaption><\/figure>\n<p><iframe loading=\"lazy\" title=\"Rogers victory, Port de Bales 2014\" src=\"https:\/\/player.vimeo.com\/video\/795758240?dnt=1&amp;app_id=122963\" width=\"660\" height=\"371\" frameborder=\"0\" allow=\"autoplay; fullscreen; picture-in-picture; clipboard-write; encrypted-media; web-share\" referrerpolicy=\"strict-origin-when-cross-origin\"><\/iframe><\/p>\n<p><iframe loading=\"lazy\" title=\"Port de Bales 2014 TDF\" src=\"https:\/\/player.vimeo.com\/video\/795758344?dnt=1&amp;app_id=122963\" width=\"660\" height=\"371\" frameborder=\"0\" allow=\"autoplay; fullscreen; picture-in-picture; clipboard-write; encrypted-media; web-share\" referrerpolicy=\"strict-origin-when-cross-origin\"><\/iframe><\/p>\n<figure id=\"attachment_5660\" aria-describedby=\"caption-attachment-5660\" style=\"width: 800px\" class=\"wp-caption alignnone\"><a href=\"http:\/\/bhxblogg.no\/wp-content\/uploads\/2014\/07\/2014-07-22-17.06.34-800x600.jpg\"><img loading=\"lazy\" decoding=\"async\" class=\" wp-image-5660\" src=\"http:\/\/bhxblogg.no\/wp-content\/uploads\/2014\/07\/2014-07-22-17.06.34-800x600.jpg\" alt=\"2014-07-22 17.06.34 (800x600)\" width=\"800\" height=\"600\" srcset=\"https:\/\/bhxblogg.no\/wp-content\/uploads\/2014\/07\/2014-07-22-17.06.34-800x600.jpg 800w, https:\/\/bhxblogg.no\/wp-content\/uploads\/2014\/07\/2014-07-22-17.06.34-800x600-300x225.jpg 300w, https:\/\/bhxblogg.no\/wp-content\/uploads\/2014\/07\/2014-07-22-17.06.34-800x600-700x525.jpg 700w, https:\/\/bhxblogg.no\/wp-content\/uploads\/2014\/07\/2014-07-22-17.06.34-800x600-332x249.jpg 332w\" sizes=\"auto, (max-width: 800px) 100vw, 800px\" \/><\/a><figcaption id=\"caption-attachment-5660\" class=\"wp-caption-text\">Kommer veldig tett p\u00e5 rytterne n\u00e5r man st\u00e5r langs veien.<\/figcaption><\/figure>\n<figure id=\"attachment_5676\" aria-describedby=\"caption-attachment-5676\" style=\"width: 800px\" class=\"wp-caption alignnone\"><a href=\"http:\/\/bhxblogg.no\/wp-content\/uploads\/2014\/07\/2014-07-22-17.09.27-800x6001.jpg\"><img loading=\"lazy\" decoding=\"async\" class=\" wp-image-5676\" src=\"http:\/\/bhxblogg.no\/wp-content\/uploads\/2014\/07\/2014-07-22-17.09.27-800x6001.jpg\" alt=\"2014-07-22 17.09.27 (800x600)\" width=\"800\" height=\"600\" srcset=\"https:\/\/bhxblogg.no\/wp-content\/uploads\/2014\/07\/2014-07-22-17.09.27-800x6001.jpg 800w, https:\/\/bhxblogg.no\/wp-content\/uploads\/2014\/07\/2014-07-22-17.09.27-800x6001-300x225.jpg 300w, https:\/\/bhxblogg.no\/wp-content\/uploads\/2014\/07\/2014-07-22-17.09.27-800x6001-700x525.jpg 700w, https:\/\/bhxblogg.no\/wp-content\/uploads\/2014\/07\/2014-07-22-17.09.27-800x6001-332x249.jpg 332w\" sizes=\"auto, (max-width: 800px) 100vw, 800px\" \/><\/a><figcaption id=\"caption-attachment-5676\" class=\"wp-caption-text\">Omsider kom en stor gruppe som bare skulle fullf\u00f8re innenfor tidslimiten, og her satt ogs\u00e5 Alexander Kristoff.<\/figcaption><\/figure>\n<p><a href=\"http:\/\/bhxblogg.no\/wp-content\/uploads\/2014\/07\/2014-07-22-17.03.26-800x600.jpg\"><img loading=\"lazy\" decoding=\"async\" class=\"alignnone size-full wp-image-5659\" src=\"http:\/\/bhxblogg.no\/wp-content\/uploads\/2014\/07\/2014-07-22-17.03.26-800x600.jpg\" alt=\"2014-07-22 17.03.26 (800x600)\" width=\"800\" height=\"600\" srcset=\"https:\/\/bhxblogg.no\/wp-content\/uploads\/2014\/07\/2014-07-22-17.03.26-800x600.jpg 800w, https:\/\/bhxblogg.no\/wp-content\/uploads\/2014\/07\/2014-07-22-17.03.26-800x600-300x225.jpg 300w, https:\/\/bhxblogg.no\/wp-content\/uploads\/2014\/07\/2014-07-22-17.03.26-800x600-700x525.jpg 700w, https:\/\/bhxblogg.no\/wp-content\/uploads\/2014\/07\/2014-07-22-17.03.26-800x600-332x249.jpg 332w\" sizes=\"auto, (max-width: 800px) 100vw, 800px\" \/><\/a><\/p>\n<figure id=\"attachment_5677\" aria-describedby=\"caption-attachment-5677\" style=\"width: 800px\" class=\"wp-caption alignnone\"><a href=\"http:\/\/bhxblogg.no\/wp-content\/uploads\/2014\/07\/SAM_4120-800x533.jpg\"><img loading=\"lazy\" decoding=\"async\" class=\"size-full wp-image-5677\" src=\"http:\/\/bhxblogg.no\/wp-content\/uploads\/2014\/07\/SAM_4120-800x533.jpg\" alt=\"S\u00e5 var det \u00e5 komme seg ned igjen etter etappen. Fantastisk skue utover Pyreneene fra dette fjellet, og nedkj\u00f8ringen mot Bagneres de Luchon var str\u00f8ken.\" width=\"800\" height=\"533\" srcset=\"https:\/\/bhxblogg.no\/wp-content\/uploads\/2014\/07\/SAM_4120-800x533.jpg 800w, https:\/\/bhxblogg.no\/wp-content\/uploads\/2014\/07\/SAM_4120-800x533-300x199.jpg 300w, https:\/\/bhxblogg.no\/wp-content\/uploads\/2014\/07\/SAM_4120-800x533-700x466.jpg 700w, https:\/\/bhxblogg.no\/wp-content\/uploads\/2014\/07\/SAM_4120-800x533-332x221.jpg 332w\" sizes=\"auto, (max-width: 800px) 100vw, 800px\" \/><\/a><figcaption id=\"caption-attachment-5677\" class=\"wp-caption-text\">S\u00e5 var det \u00e5 komme seg ned igjen etter etappen. Fantastisk skue utover Pyreneene fra dette fjellet, og nedkj\u00f8ringen mot Bagneres de Luchon var str\u00f8ken.<\/figcaption><\/figure>\n<figure id=\"attachment_5666\" aria-describedby=\"caption-attachment-5666\" style=\"width: 800px\" class=\"wp-caption alignnone\"><a href=\"http:\/\/bhxblogg.no\/wp-content\/uploads\/2014\/07\/SAM_4127-800x533.jpg\"><img loading=\"lazy\" decoding=\"async\" class=\" wp-image-5666\" src=\"http:\/\/bhxblogg.no\/wp-content\/uploads\/2014\/07\/SAM_4127-800x533.jpg\" alt=\"SAM_4127 (800x533)\" width=\"800\" height=\"533\" srcset=\"https:\/\/bhxblogg.no\/wp-content\/uploads\/2014\/07\/SAM_4127-800x533.jpg 800w, https:\/\/bhxblogg.no\/wp-content\/uploads\/2014\/07\/SAM_4127-800x533-300x199.jpg 300w, https:\/\/bhxblogg.no\/wp-content\/uploads\/2014\/07\/SAM_4127-800x533-700x466.jpg 700w, https:\/\/bhxblogg.no\/wp-content\/uploads\/2014\/07\/SAM_4127-800x533-332x221.jpg 332w\" sizes=\"auto, (max-width: 800px) 100vw, 800px\" \/><\/a><figcaption id=\"caption-attachment-5666\" class=\"wp-caption-text\">S\u00e5 var det \u00e5 sykle hjem til hotellet etter etappen. Den eneste haken var at da m\u00e5tte over nok et lite monster. Ihvertfall f\u00f8lte det s\u00e5nn der og da. Col de Peyresourde. Den kjentes godt i bena p\u00e5 slutten av dagen.<\/figcaption><\/figure>\n<figure id=\"attachment_5665\" aria-describedby=\"caption-attachment-5665\" style=\"width: 800px\" class=\"wp-caption alignnone\"><a href=\"http:\/\/bhxblogg.no\/wp-content\/uploads\/2014\/07\/SAM_4125-800x533.jpg\"><img loading=\"lazy\" decoding=\"async\" class=\" wp-image-5665\" src=\"http:\/\/bhxblogg.no\/wp-content\/uploads\/2014\/07\/SAM_4125-800x533.jpg\" alt=\"SAM_4125 (800x533)\" width=\"800\" height=\"533\" srcset=\"https:\/\/bhxblogg.no\/wp-content\/uploads\/2014\/07\/SAM_4125-800x533.jpg 800w, https:\/\/bhxblogg.no\/wp-content\/uploads\/2014\/07\/SAM_4125-800x533-300x199.jpg 300w, https:\/\/bhxblogg.no\/wp-content\/uploads\/2014\/07\/SAM_4125-800x533-700x466.jpg 700w, https:\/\/bhxblogg.no\/wp-content\/uploads\/2014\/07\/SAM_4125-800x533-332x221.jpg 332w\" sizes=\"auto, (max-width: 800px) 100vw, 800px\" \/><\/a><figcaption id=\"caption-attachment-5665\" class=\"wp-caption-text\">Folk hadde allerede montert seg langs veien opp til Peyresourde fordi Touren skal over her i morgen.<\/figcaption><\/figure>\n<figure id=\"attachment_5663\" aria-describedby=\"caption-attachment-5663\" style=\"width: 800px\" class=\"wp-caption alignnone\"><a href=\"http:\/\/bhxblogg.no\/wp-content\/uploads\/2014\/07\/2014-07-22-20.47.35-800x600.jpg\"><img loading=\"lazy\" decoding=\"async\" class=\" wp-image-5663\" src=\"http:\/\/bhxblogg.no\/wp-content\/uploads\/2014\/07\/2014-07-22-20.47.35-800x600.jpg\" alt=\"2014-07-22 20.47.35 (800x600)\" width=\"800\" height=\"600\" srcset=\"https:\/\/bhxblogg.no\/wp-content\/uploads\/2014\/07\/2014-07-22-20.47.35-800x600.jpg 800w, https:\/\/bhxblogg.no\/wp-content\/uploads\/2014\/07\/2014-07-22-20.47.35-800x600-300x225.jpg 300w, https:\/\/bhxblogg.no\/wp-content\/uploads\/2014\/07\/2014-07-22-20.47.35-800x600-700x525.jpg 700w, https:\/\/bhxblogg.no\/wp-content\/uploads\/2014\/07\/2014-07-22-20.47.35-800x600-332x249.jpg 332w\" sizes=\"auto, (max-width: 800px) 100vw, 800px\" \/><\/a><figcaption id=\"caption-attachment-5663\" class=\"wp-caption-text\">Ute og ruslet en tur p\u00e5 kvelden i Arreau. Tour de France atmosf\u00e6re<\/figcaption><\/figure>\n<figure id=\"attachment_5664\" aria-describedby=\"caption-attachment-5664\" style=\"width: 800px\" class=\"wp-caption alignnone\"><a href=\"http:\/\/bhxblogg.no\/wp-content\/uploads\/2014\/07\/2014-07-22-22.02.37-800x600.jpg\"><img loading=\"lazy\" decoding=\"async\" class=\" wp-image-5664\" src=\"http:\/\/bhxblogg.no\/wp-content\/uploads\/2014\/07\/2014-07-22-22.02.37-800x600.jpg\" alt=\"2014-07-22 22.02.37 (800x600)\" width=\"800\" height=\"600\" srcset=\"https:\/\/bhxblogg.no\/wp-content\/uploads\/2014\/07\/2014-07-22-22.02.37-800x600.jpg 800w, https:\/\/bhxblogg.no\/wp-content\/uploads\/2014\/07\/2014-07-22-22.02.37-800x600-300x225.jpg 300w, https:\/\/bhxblogg.no\/wp-content\/uploads\/2014\/07\/2014-07-22-22.02.37-800x600-700x525.jpg 700w, https:\/\/bhxblogg.no\/wp-content\/uploads\/2014\/07\/2014-07-22-22.02.37-800x600-332x249.jpg 332w\" sizes=\"auto, (max-width: 800px) 100vw, 800px\" \/><\/a><figcaption id=\"caption-attachment-5664\" class=\"wp-caption-text\">Fantastisk med mat etter en lang dag p\u00e5 sykkel.<\/figcaption><\/figure>\n<figure id=\"attachment_5657\" aria-describedby=\"caption-attachment-5657\" style=\"width: 800px\" class=\"wp-caption alignnone\"><a href=\"http:\/\/bhxblogg.no\/wp-content\/uploads\/2014\/07\/2014-07-21-20.55.03-800x600.jpg\"><img loading=\"lazy\" decoding=\"async\" class=\" wp-image-5657\" src=\"http:\/\/bhxblogg.no\/wp-content\/uploads\/2014\/07\/2014-07-21-20.55.03-800x600.jpg\" alt=\"2014-07-21 20.55.03 (800x600)\" width=\"800\" height=\"600\" srcset=\"https:\/\/bhxblogg.no\/wp-content\/uploads\/2014\/07\/2014-07-21-20.55.03-800x600.jpg 800w, https:\/\/bhxblogg.no\/wp-content\/uploads\/2014\/07\/2014-07-21-20.55.03-800x600-300x225.jpg 300w, https:\/\/bhxblogg.no\/wp-content\/uploads\/2014\/07\/2014-07-21-20.55.03-800x600-700x525.jpg 700w, https:\/\/bhxblogg.no\/wp-content\/uploads\/2014\/07\/2014-07-21-20.55.03-800x600-332x249.jpg 332w\" sizes=\"auto, (max-width: 800px) 100vw, 800px\" \/><\/a><figcaption id=\"caption-attachment-5657\" class=\"wp-caption-text\">Da er det bare \u00e5 pakke kofferten og reise fra Arreau.<\/figcaption><\/figure>\n<p>&nbsp;<\/p>\n","protected":false},"excerpt":{"rendered":"<p>Jeg stod opp tidlig denne dagen for \u00e5 sykle en lang runde og komme inn p\u00e5 Tour de France ruten for dagen, f\u00f8r klatringen opp til Port de Bal\u00e8s. Rytterne skulle over dette fjellet f\u00f8r de dundret ned mot m\u00e5l I Bagner\u00e8s de Luchon og jeg hadde derfor planer om &#8230;<\/p>\n","protected":false},"author":1,"featured_media":5670,"comment_status":"open","ping_status":"open","sticky":false,"template":"","format":"standard","meta":{"footnotes":""},"categories":[12,66,73,121,2,57],"tags":[],"class_list":["post-5621","post","type-post","status-publish","format-standard","has-post-thumbnail","hentry","category-bigclimbs","category-franske-big-climbs","category-pyreneene","category-pyreneene-frankrike","category-sykkelreiser","category-tourdefrance","column","threecol","has-thumbnail"],"_links":{"self":[{"href":"https:\/\/bhxblogg.no\/index.php?rest_route=\/wp\/v2\/posts\/5621","targetHints":{"allow":["GET"]}}],"collection":[{"href":"https:\/\/bhxblogg.no\/index.php?rest_route=\/wp\/v2\/posts"}],"about":[{"href":"https:\/\/bhxblogg.no\/index.php?rest_route=\/wp\/v2\/types\/post"}],"author":[{"embeddable":true,"href":"https:\/\/bhxblogg.no\/index.php?rest_route=\/wp\/v2\/users\/1"}],"replies":[{"embeddable":true,"href":"https:\/\/bhxblogg.no\/index.php?rest_route=%2Fwp%2Fv2%2Fcomments&post=5621"}],"version-history":[{"count":10,"href":"https:\/\/bhxblogg.no\/index.php?rest_route=\/wp\/v2\/posts\/5621\/revisions"}],"predecessor-version":[{"id":8944,"href":"https:\/\/bhxblogg.no\/index.php?rest_route=\/wp\/v2\/posts\/5621\/revisions\/8944"}],"wp:featuredmedia":[{"embeddable":true,"href":"https:\/\/bhxblogg.no\/index.php?rest_route=\/wp\/v2\/media\/5670"}],"wp:attachment":[{"href":"https:\/\/bhxblogg.no\/index.php?rest_route=%2Fwp%2Fv2%2Fmedia&parent=5621"}],"wp:term":[{"taxonomy":"category","embeddable":true,"href":"https:\/\/bhxblogg.no\/index.php?rest_route=%2Fwp%2Fv2%2Fcategories&post=5621"},{"taxonomy":"post_tag","embeddable":true,"href":"https:\/\/bhxblogg.no\/index.php?rest_route=%2Fwp%2Fv2%2Ftags&post=5621"}],"curies":[{"name":"wp","href":"https:\/\/api.w.org\/{rel}","templated":true}]}}